{"id":573,"date":"2023-12-20T09:19:00","date_gmt":"2023-12-20T09:19:00","guid":{"rendered":"https:\/\/www.ait.mx\/blog\/?p=573"},"modified":"2024-06-03T20:11:36","modified_gmt":"2024-06-03T20:11:36","slug":"radiografia-del-mercado-laboral-en-tecnologias-de-la-informacion-en-mexico-perspectivas-2024","status":"publish","type":"post","link":"https:\/\/www.ait.mx\/blog\/radiografia-del-mercado-laboral-en-tecnologias-de-la-informacion-en-mexico-perspectivas-2024\/","title":{"rendered":"Radiograf\u00eda del mercado laboral en Tecnolog\u00edas de la Informaci\u00f3n en M\u00e9xico: Perspectivas 2024."},"content":{"rendered":"\n<p style=\"font-size:16px\"><strong>Hablemos del crecimiento sostenido del Sector TI en M\u00e9xico.<br><\/strong>En los \u00faltimos a\u00f1os, la demanda de profesionales de TI en M\u00e9xico ha experimentado un crecimiento sostenido. Empresas de diversos sectores reconocen la importancia de la tecnolog\u00eda en sus operaciones y est\u00e1n invirtiendo en talento especializado para impulsar la innovaci\u00f3n y la eficiencia.<\/p>\n\n\n\n<p style=\"font-size:16px\"><strong>Perfiles m\u00e1s demandados.<br><\/strong>Los perfiles m\u00e1s demandados en el mercado laboral de TI abarcan una amplia gama de especialidades. Desarrolladores de software, ingenieros de datos, especialistas en ciberseguridad y arquitectos de soluciones son solo algunos ejemplos, si quieres desglozar los perfiles y salarios promedio descarga la radiografia completa. <\/p>\n\n\n\n<p style=\"font-size:16px\">En el din\u00e1mico y siempre cambiante mundo de la tecnolog\u00eda, el mercado laboral para profesionales de Tecnolog\u00edas de la Informaci\u00f3n (TI) en M\u00e9xico experimenta constantes transformaciones. Para comprender mejor las tendencias y proyecciones para los pr\u00f3ximos a\u00f1os, es esencial analizar las estad\u00edsticas actuales y explorar las oportunidades emergentes. En este art\u00edculo, desglosaremos la situaci\u00f3n del mercado laboral en TI en M\u00e9xico y proporcionaremos informaci\u00f3n clave.<\/p>\n\n\n\n<p style=\"font-size:17px\"><\/p>\n\n\n\n<p class=\"has-text-align-center has-white-color has-text-color has-background has-medium-font-size\" style=\"background-color:#102050\"><strong><a href=\"https:\/\/zfrmz.com\/SCKtnhwAZSnDq5X9fAeD\" target=\"_blank\" rel=\"noreferrer noopener\">Da clic para descargar la radiograf\u00eda completa <\/a><\/strong><\/p>\n\n\n\n<p class=\"has-medium-font-size\"><strong>Tendencias Emergentes<\/strong>.<\/p>\n\n\n\n<p style=\"font-size:16px\"><strong>La Inteligencia Artificial (IA) y Machine Learning:<\/strong> La creciente adopci\u00f3n de la IA y el aprendizaje autom\u00e1tico en diversas industrias est\u00e1 generando una demanda significativa de expertos en estos campos.<\/p>\n\n\n\n<p style=\"font-size:16px\"><strong>Computaci\u00f3n en la Nube:<\/strong> La migraci\u00f3n a la nube sigue siendo una prioridad para muchas empresas, lo que aumenta la necesidad de profesionales con experiencia en plataformas como AWS, Azure y Google Cloud. &nbsp;<\/p>\n\n\n\n<p style=\"font-size:16px\"><strong>Ciberseguridad:<\/strong> Con el aumento de las amenazas cibern\u00e9ticas, la ciberseguridad se ha convertido en una preocupaci\u00f3n central, impulsando la demanda de expertos en seguridad inform\u00e1tica.<\/p>\n\n\n\n<p class=\"has-medium-font-size\"><strong>Educaci\u00f3n y Formaci\u00f3n Continua<\/strong>.<\/p>\n\n\n\n<p style=\"font-size:16px\">Dada la naturaleza r\u00e1pida y din\u00e1mica de la tecnolog\u00eda, la educaci\u00f3n continua es clave para mantenerse relevante. La participaci\u00f3n en cursos en l\u00ednea, certificaciones y programas de actualizaci\u00f3n se considera esencial para los profesionales de TI que buscan avanzar en sus carreras.<\/p>\n\n\n\n<p class=\"has-medium-font-size\"><strong>Desaf\u00edos del Mercado Laboral en TI<\/strong>.<\/p>\n\n\n\n<p style=\"font-size:16px\"><strong>Brecha de habilidades<\/strong>: A pesar de la creciente demanda, existe una brecha de habilidades en el mercado laboral de TI. Las empresas buscan comprobadamente profesionales con habilidades espec\u00edficas que a menudo son dif\u00edciles de encontrar.<\/p>\n\n\n\n<p style=\"font-size:16px\"><strong>R\u00e1pida Obsolescencia Tecnol\u00f3gica<\/strong>: La r\u00e1pida evoluci\u00f3n de la tecnolog\u00eda puede hacer que las habilidades se vuelvan obsoletas r\u00e1pidamente, destacando la importancia de la formaci\u00f3n continua. Los profesionales deber\u00e1n ser proactivos en la actualizaci\u00f3n de sus habilidades para no quedar rezagados.<\/p>\n\n\n\n<p style=\"font-size:16px\"><strong>Efectos de la Transformaci\u00f3n Digital:<\/strong> La transformaci\u00f3n digital continua puede generar desaf\u00edos para los profesionales que necesitan adaptarse a nuevas tecnolog\u00edas y metodolog\u00edas. La resistencia al cambio y la falta de habilidades espec\u00edficas para la transformaci\u00f3n digital podr\u00edan ser desaf\u00edos clave.<\/p>\n\n\n\n<p style=\"font-size:16px\">Estos desaf\u00edos son comunes en la industria de TI a nivel mundial, y su relevancia espec\u00edfica para M\u00e9xico depender\u00e1 de factores como la evoluci\u00f3n econ\u00f3mica, las pol\u00edticas gubernamentales y la adopci\u00f3n tecnol\u00f3gica en el pa\u00eds. La capacidad de los profesionales y las empresas para abordar estos desaf\u00edos determinar\u00e1 en gran medida el \u00e9xito en el mercado laboral de TI en los a\u00f1os venideros.<\/p>\n\n\n\n<p class=\"has-text-align-center has-white-color has-text-color has-background has-medium-font-size\" style=\"background-color:#3ca905\"><strong><a href=\"https:\/\/zfrmz.com\/SCKtnhwAZSnDq5X9fAeD\">Descarga la radiografia completa del mercado laboral en<\/a> <\/strong>                                             <strong><a href=\"https:\/\/zfrmz.com\/SCKtnhwAZSnDq5X9fAeD\" target=\"_blank\" rel=\"noreferrer noopener\">Tecnolog\u00edas de la Informaci\u00f3n en M\u00e9xico 2024<\/a><\/strong><\/p>\n\n\n\n<p style=\"font-size:16px\">En el panorama del mercado laboral en Tecnolog\u00edas de la Informaci\u00f3n en M\u00e9xico para 2024, las perspectivas son prometedoras para aquellos con habilidades actualizadas y una mentalidad de aprendizaje continuo. La industria de TI en M\u00e9xico sigue siendo un campo emocionante y en crecimiento, ofreciendo oportunidades abundantes para aquellos que buscan prosperar en la era digital.<\/p>\n\n\n\n<p class=\"has-text-color has-medium-font-size\" style=\"color:#0d2f6c\"><strong>\u00bfBuscas profesionales de TI altamente calificados para potenciar el crecimiento de tu empresa? <\/strong><\/p>\n\n\n\n<p class=\"has-medium-font-size\"><strong><a href=\"https:\/\/www.ait.mx\/contactanos-ait-vanguardia-tecnologica.html\">Contact\u00e1nos <\/a><\/strong><\/p>\n","protected":false},"excerpt":{"rendered":"<p>En los \u00faltimos a\u00f1os, la demanda de profesionales de TI en M\u00e9xico ha experimentado un crecimiento sostenido. Empresas de diversos sectores reconocen la importancia de la tecnolog\u00eda en sus operaciones y est\u00e1n invirtiendo en talento especializado para impulsar la innovaci\u00f3n y la eficiencia.<\/p>\n","protected":false},"author":2,"featured_media":579,"comment_status":"closed","ping_status":"closed","sticky":false,"template":"","format":"standard","meta":{"footnotes":""},"categories":[1,179,105,4,5,226],"tags":[10,25,90,32,231,159,232,235,160,233,236,31,234,224,92,99,100,237,238],"class_list":["post-573","post","type-post","status-publish","format-standard","has-post-thumbnail","hentry","category-ait","category-cio","category-competencias-y-habilidades","category-general","category-recursos-humanos","category-talento-tecnologico","tag-ait","tag-cio","tag-headhunting-tecnologico","tag-mercado-laboral","tag-mercado-laboral-2024","tag-mercado-laboral-ti","tag-mercado-laboral-ti-2024","tag-panorama-laboral-2024","tag-perfiles-ti","tag-perfiles-ti-mas-demandados","tag-perfiles-ti-mejor-pagados","tag-recursos-humanos","tag-salarios-ti","tag-sector-ti","tag-staffing-tecnologico","tag-staffing-ti","tag-talento-tecnologico","tag-tendencias-emergentes","tag-tendencias-emergentes-2024"],"yoast_head":"<!-- This site is optimized with the Yoast SEO plugin v23.8 - https:\/\/yoast.com\/wordpress\/plugins\/seo\/ -->\n<title>Radiograf\u00eda del mercado laboral en Tecnolog\u00edas de la Informaci\u00f3n en M\u00e9xico: Perspectivas 2024. -<\/title>\n<meta name=\"robots\" content=\"index, follow, max-snippet:-1, max-image-preview:large, max-video-preview:-1\" \/>\n<link rel=\"canonical\" href=\"https:\/\/www.ait.mx\/blog\/radiografia-del-mercado-laboral-en-tecnologias-de-la-informacion-en-mexico-perspectivas-2024\/\" \/>\n<meta property=\"og:locale\" content=\"es_ES\" \/>\n<meta property=\"og:type\" content=\"article\" \/>\n<meta property=\"og:title\" content=\"Radiograf\u00eda del mercado laboral en Tecnolog\u00edas de la Informaci\u00f3n en M\u00e9xico: Perspectivas 2024. -\" \/>\n<meta property=\"og:description\" content=\"En los \u00faltimos a\u00f1os, la demanda de profesionales de TI en M\u00e9xico ha experimentado un crecimiento sostenido. Empresas de diversos sectores reconocen la importancia de la tecnolog\u00eda en sus operaciones y est\u00e1n invirtiendo en talento especializado para impulsar la innovaci\u00f3n y la eficiencia.\" \/>\n<meta property=\"og:url\" content=\"https:\/\/www.ait.mx\/blog\/radiografia-del-mercado-laboral-en-tecnologias-de-la-informacion-en-mexico-perspectivas-2024\/\" \/>\n<meta property=\"article:published_time\" content=\"2023-12-20T09:19:00+00:00\" \/>\n<meta property=\"article:modified_time\" content=\"2024-06-03T20:11:36+00:00\" \/>\n<meta property=\"og:image\" content=\"https:\/\/www.ait.mx\/blog\/wp-content\/uploads\/2023\/11\/BLOG-AIT-22.png\" \/>\n\t<meta property=\"og:image:width\" content=\"1200\" \/>\n\t<meta property=\"og:image:height\" content=\"630\" \/>\n\t<meta property=\"og:image:type\" content=\"image\/png\" \/>\n<meta name=\"author\" content=\"Janin Gonz\u00e1lez\" \/>\n<meta name=\"twitter:card\" content=\"summary_large_image\" \/>\n<meta name=\"twitter:label1\" content=\"Escrito por\" \/>\n\t<meta name=\"twitter:data1\" content=\"Janin Gonz\u00e1lez\" \/>\n\t<meta name=\"twitter:label2\" content=\"Tiempo de lectura\" \/>\n\t<meta name=\"twitter:data2\" content=\"3 minutos\" \/>\n<script type=\"application\/ld+json\" class=\"yoast-schema-graph\">{\"@context\":\"https:\/\/schema.org\",\"@graph\":[{\"@type\":\"WebPage\",\"@id\":\"https:\/\/www.ait.mx\/blog\/radiografia-del-mercado-laboral-en-tecnologias-de-la-informacion-en-mexico-perspectivas-2024\/\",\"url\":\"https:\/\/www.ait.mx\/blog\/radiografia-del-mercado-laboral-en-tecnologias-de-la-informacion-en-mexico-perspectivas-2024\/\",\"name\":\"Radiograf\u00eda del mercado laboral en Tecnolog\u00edas de la Informaci\u00f3n en M\u00e9xico: Perspectivas 2024. -\",\"isPartOf\":{\"@id\":\"https:\/\/www.ait.mx\/blog\/#website\"},\"primaryImageOfPage\":{\"@id\":\"https:\/\/www.ait.mx\/blog\/radiografia-del-mercado-laboral-en-tecnologias-de-la-informacion-en-mexico-perspectivas-2024\/#primaryimage\"},\"image\":{\"@id\":\"https:\/\/www.ait.mx\/blog\/radiografia-del-mercado-laboral-en-tecnologias-de-la-informacion-en-mexico-perspectivas-2024\/#primaryimage\"},\"thumbnailUrl\":\"https:\/\/www.ait.mx\/blog\/wp-content\/uploads\/2023\/11\/BLOG-AIT-22.png\",\"datePublished\":\"2023-12-20T09:19:00+00:00\",\"dateModified\":\"2024-06-03T20:11:36+00:00\",\"author\":{\"@id\":\"https:\/\/www.ait.mx\/blog\/#\/schema\/person\/c429fe806f872faabe40605ec27d962d\"},\"breadcrumb\":{\"@id\":\"https:\/\/www.ait.mx\/blog\/radiografia-del-mercado-laboral-en-tecnologias-de-la-informacion-en-mexico-perspectivas-2024\/#breadcrumb\"},\"inLanguage\":\"es\",\"potentialAction\":[{\"@type\":\"ReadAction\",\"target\":[\"https:\/\/www.ait.mx\/blog\/radiografia-del-mercado-laboral-en-tecnologias-de-la-informacion-en-mexico-perspectivas-2024\/\"]}]},{\"@type\":\"ImageObject\",\"inLanguage\":\"es\",\"@id\":\"https:\/\/www.ait.mx\/blog\/radiografia-del-mercado-laboral-en-tecnologias-de-la-informacion-en-mexico-perspectivas-2024\/#primaryimage\",\"url\":\"https:\/\/www.ait.mx\/blog\/wp-content\/uploads\/2023\/11\/BLOG-AIT-22.png\",\"contentUrl\":\"https:\/\/www.ait.mx\/blog\/wp-content\/uploads\/2023\/11\/BLOG-AIT-22.png\",\"width\":1200,\"height\":630},{\"@type\":\"BreadcrumbList\",\"@id\":\"https:\/\/www.ait.mx\/blog\/radiografia-del-mercado-laboral-en-tecnologias-de-la-informacion-en-mexico-perspectivas-2024\/#breadcrumb\",\"itemListElement\":[{\"@type\":\"ListItem\",\"position\":1,\"name\":\"Portada\",\"item\":\"https:\/\/www.ait.mx\/blog\/\"},{\"@type\":\"ListItem\",\"position\":2,\"name\":\"Radiograf\u00eda del mercado laboral en Tecnolog\u00edas de la Informaci\u00f3n en M\u00e9xico: Perspectivas 2024.\"}]},{\"@type\":\"WebSite\",\"@id\":\"https:\/\/www.ait.mx\/blog\/#website\",\"url\":\"https:\/\/www.ait.mx\/blog\/\",\"name\":\"\",\"description\":\"\",\"potentialAction\":[{\"@type\":\"SearchAction\",\"target\":{\"@type\":\"EntryPoint\",\"urlTemplate\":\"https:\/\/www.ait.mx\/blog\/?s={search_term_string}\"},\"query-input\":{\"@type\":\"PropertyValueSpecification\",\"valueRequired\":true,\"valueName\":\"search_term_string\"}}],\"inLanguage\":\"es\"},{\"@type\":\"Person\",\"@id\":\"https:\/\/www.ait.mx\/blog\/#\/schema\/person\/c429fe806f872faabe40605ec27d962d\",\"name\":\"Janin Gonz\u00e1lez\",\"image\":{\"@type\":\"ImageObject\",\"inLanguage\":\"es\",\"@id\":\"https:\/\/www.ait.mx\/blog\/#\/schema\/person\/image\/\",\"url\":\"https:\/\/secure.gravatar.com\/avatar\/5c8887c298f37bbf2ebfd9b024ce9544?s=96&d=mm&r=g\",\"contentUrl\":\"https:\/\/secure.gravatar.com\/avatar\/5c8887c298f37bbf2ebfd9b024ce9544?s=96&d=mm&r=g\",\"caption\":\"Janin Gonz\u00e1lez\"},\"url\":\"https:\/\/www.ait.mx\/blog\/author\/mkwusr1\/\"}]}<\/script>\n<!-- \/ Yoast SEO plugin. -->","yoast_head_json":{"title":"Radiograf\u00eda del mercado laboral en Tecnolog\u00edas de la Informaci\u00f3n en M\u00e9xico: Perspectivas 2024. -","robots":{"index":"index","follow":"follow","max-snippet":"max-snippet:-1","max-image-preview":"max-image-preview:large","max-video-preview":"max-video-preview:-1"},"canonical":"https:\/\/www.ait.mx\/blog\/radiografia-del-mercado-laboral-en-tecnologias-de-la-informacion-en-mexico-perspectivas-2024\/","og_locale":"es_ES","og_type":"article","og_title":"Radiograf\u00eda del mercado laboral en Tecnolog\u00edas de la Informaci\u00f3n en M\u00e9xico: Perspectivas 2024. -","og_description":"En los \u00faltimos a\u00f1os, la demanda de profesionales de TI en M\u00e9xico ha experimentado un crecimiento sostenido. Empresas de diversos sectores reconocen la importancia de la tecnolog\u00eda en sus operaciones y est\u00e1n invirtiendo en talento especializado para impulsar la innovaci\u00f3n y la eficiencia.","og_url":"https:\/\/www.ait.mx\/blog\/radiografia-del-mercado-laboral-en-tecnologias-de-la-informacion-en-mexico-perspectivas-2024\/","article_published_time":"2023-12-20T09:19:00+00:00","article_modified_time":"2024-06-03T20:11:36+00:00","og_image":[{"width":1200,"height":630,"url":"https:\/\/www.ait.mx\/blog\/wp-content\/uploads\/2023\/11\/BLOG-AIT-22.png","type":"image\/png"}],"author":"Janin Gonz\u00e1lez","twitter_card":"summary_large_image","twitter_misc":{"Escrito por":"Janin Gonz\u00e1lez","Tiempo de lectura":"3 minutos"},"schema":{"@context":"https:\/\/schema.org","@graph":[{"@type":"WebPage","@id":"https:\/\/www.ait.mx\/blog\/radiografia-del-mercado-laboral-en-tecnologias-de-la-informacion-en-mexico-perspectivas-2024\/","url":"https:\/\/www.ait.mx\/blog\/radiografia-del-mercado-laboral-en-tecnologias-de-la-informacion-en-mexico-perspectivas-2024\/","name":"Radiograf\u00eda del mercado laboral en Tecnolog\u00edas de la Informaci\u00f3n en M\u00e9xico: Perspectivas 2024. -","isPartOf":{"@id":"https:\/\/www.ait.mx\/blog\/#website"},"primaryImageOfPage":{"@id":"https:\/\/www.ait.mx\/blog\/radiografia-del-mercado-laboral-en-tecnologias-de-la-informacion-en-mexico-perspectivas-2024\/#primaryimage"},"image":{"@id":"https:\/\/www.ait.mx\/blog\/radiografia-del-mercado-laboral-en-tecnologias-de-la-informacion-en-mexico-perspectivas-2024\/#primaryimage"},"thumbnailUrl":"https:\/\/www.ait.mx\/blog\/wp-content\/uploads\/2023\/11\/BLOG-AIT-22.png","datePublished":"2023-12-20T09:19:00+00:00","dateModified":"2024-06-03T20:11:36+00:00","author":{"@id":"https:\/\/www.ait.mx\/blog\/#\/schema\/person\/c429fe806f872faabe40605ec27d962d"},"breadcrumb":{"@id":"https:\/\/www.ait.mx\/blog\/radiografia-del-mercado-laboral-en-tecnologias-de-la-informacion-en-mexico-perspectivas-2024\/#breadcrumb"},"inLanguage":"es","potentialAction":[{"@type":"ReadAction","target":["https:\/\/www.ait.mx\/blog\/radiografia-del-mercado-laboral-en-tecnologias-de-la-informacion-en-mexico-perspectivas-2024\/"]}]},{"@type":"ImageObject","inLanguage":"es","@id":"https:\/\/www.ait.mx\/blog\/radiografia-del-mercado-laboral-en-tecnologias-de-la-informacion-en-mexico-perspectivas-2024\/#primaryimage","url":"https:\/\/www.ait.mx\/blog\/wp-content\/uploads\/2023\/11\/BLOG-AIT-22.png","contentUrl":"https:\/\/www.ait.mx\/blog\/wp-content\/uploads\/2023\/11\/BLOG-AIT-22.png","width":1200,"height":630},{"@type":"BreadcrumbList","@id":"https:\/\/www.ait.mx\/blog\/radiografia-del-mercado-laboral-en-tecnologias-de-la-informacion-en-mexico-perspectivas-2024\/#breadcrumb","itemListElement":[{"@type":"ListItem","position":1,"name":"Portada","item":"https:\/\/www.ait.mx\/blog\/"},{"@type":"ListItem","position":2,"name":"Radiograf\u00eda del mercado laboral en Tecnolog\u00edas de la Informaci\u00f3n en M\u00e9xico: Perspectivas 2024."}]},{"@type":"WebSite","@id":"https:\/\/www.ait.mx\/blog\/#website","url":"https:\/\/www.ait.mx\/blog\/","name":"","description":"","potentialAction":[{"@type":"SearchAction","target":{"@type":"EntryPoint","urlTemplate":"https:\/\/www.ait.mx\/blog\/?s={search_term_string}"},"query-input":{"@type":"PropertyValueSpecification","valueRequired":true,"valueName":"search_term_string"}}],"inLanguage":"es"},{"@type":"Person","@id":"https:\/\/www.ait.mx\/blog\/#\/schema\/person\/c429fe806f872faabe40605ec27d962d","name":"Janin Gonz\u00e1lez","image":{"@type":"ImageObject","inLanguage":"es","@id":"https:\/\/www.ait.mx\/blog\/#\/schema\/person\/image\/","url":"https:\/\/secure.gravatar.com\/avatar\/5c8887c298f37bbf2ebfd9b024ce9544?s=96&d=mm&r=g","contentUrl":"https:\/\/secure.gravatar.com\/avatar\/5c8887c298f37bbf2ebfd9b024ce9544?s=96&d=mm&r=g","caption":"Janin Gonz\u00e1lez"},"url":"https:\/\/www.ait.mx\/blog\/author\/mkwusr1\/"}]}},"_links":{"self":[{"href":"https:\/\/www.ait.mx\/blog\/wp-json\/wp\/v2\/posts\/573"}],"collection":[{"href":"https:\/\/www.ait.mx\/blog\/wp-json\/wp\/v2\/posts"}],"about":[{"href":"https:\/\/www.ait.mx\/blog\/wp-json\/wp\/v2\/types\/post"}],"author":[{"embeddable":true,"href":"https:\/\/www.ait.mx\/blog\/wp-json\/wp\/v2\/users\/2"}],"replies":[{"embeddable":true,"href":"https:\/\/www.ait.mx\/blog\/wp-json\/wp\/v2\/comments?post=573"}],"version-history":[{"count":7,"href":"https:\/\/www.ait.mx\/blog\/wp-json\/wp\/v2\/posts\/573\/revisions"}],"predecessor-version":[{"id":583,"href":"https:\/\/www.ait.mx\/blog\/wp-json\/wp\/v2\/posts\/573\/revisions\/583"}],"wp:featuredmedia":[{"embeddable":true,"href":"https:\/\/www.ait.mx\/blog\/wp-json\/wp\/v2\/media\/579"}],"wp:attachment":[{"href":"https:\/\/www.ait.mx\/blog\/wp-json\/wp\/v2\/media?parent=573"}],"wp:term":[{"taxonomy":"category","embeddable":true,"href":"https:\/\/www.ait.mx\/blog\/wp-json\/wp\/v2\/categories?post=573"},{"taxonomy":"post_tag","embeddable":true,"href":"https:\/\/www.ait.mx\/blog\/wp-json\/wp\/v2\/tags?post=573"}],"curies":[{"name":"wp","href":"https:\/\/api.w.org\/{rel}","templated":true}]}}